{"id":3709,"date":"2019-01-28T08:32:19","date_gmt":"2019-01-28T07:32:19","guid":{"rendered":"http:\/\/kuzniaostrow.pl\/?p=3709"},"modified":"2019-02-01T11:12:19","modified_gmt":"2019-02-01T10:12:19","slug":"3709","status":"publish","type":"post","link":"https:\/\/kuzniaostrow.pl\/index.php\/de\/2019\/01\/28\/3709\/","title":{"rendered":"Schmiedetag"},"content":{"rendered":"\n<div class=\"wp-block-image\"><figure class=\"alignleft\"><img loading=\"lazy\" decoding=\"async\" width=\"300\" height=\"225\" src=\"http:\/\/kuzniaostrow.pl\/wp-content\/uploads\/2018\/10\/DSCF8001-300x225.jpg\" alt=\"\" class=\"wp-image-257\"\/><\/figure><\/div>\n\n\n\n<p>Am Samstag, den 13.10.2014 haben wir anl\u00e4sslich des Schmiedetags eine gesellschaftliche Veranstaltung f\u00fcr Mitarbeiter organisiert. Sie fand in der Ferienanlage in Piaski-Szczygliczka statt.<\/p>\n\n\n\n<p>W\u00e4hrend der Veranstaltung gab es viele Sportwettk\u00e4mpfe, einschlie\u00dflich Wettbewerb f\u00fcr Hammerkraft, Dart-Wettbewerb, Tischfu\u00dfballspiele und vieles mehr. Abends luden wir unsere Mitarbeiter zum Tanzen ein.<\/p>\n\n\n\n<p>Die Party ist in einer sch\u00f6nen und fr\u00f6hlichen Atmosph\u00e4re abgelaufen. Alle hatten sehr tolle Zeit, auch dank der wunderbaren Wetter. Wir planen, im n\u00e4chsten Jahr eine \u00e4hnliche Veranstaltung zu organisieren. <\/p>\n","protected":false},"excerpt":{"rendered":"<p>Am Samstag, den 13.10.2014 haben wir anl\u00e4sslich des Schmiedetags eine gesellschaftliche Veranstaltung f\u00fcr Mitarbeiter organisiert. Sie fand in der Ferienanlage in Piaski-Szczygliczka statt. W\u00e4hrend der Veranstaltung gab es viele Sportwettk\u00e4mpfe, einschlie\u00dflich Wettbewerb f\u00fcr Hammerkraft, Dart-Wettbewerb, Tischfu\u00dfballspiele und vieles mehr. Abends luden wir unsere Mitarbeiter zum Tanzen ein. Die Party ist in einer sch\u00f6nen und fr\u00f6hlichen Atmosph\u00e4re abgelaufen. Alle hatten sehr tolle Zeit, auch dank der wunderbaren Wetter. Wir planen, im n\u00e4chsten Jahr eine \u00e4hnliche Veranstaltung zu organisieren.<\/p>\n","protected":false},"author":2,"featured_media":0,"comment_status":"closed","ping_status":"closed","sticky":false,"template":"","format":"standard","meta":{"ngg_post_thumbnail":0,"footnotes":""},"categories":[98],"tags":[],"class_list":["post-3709","post","type-post","status-publish","format-standard","hentry","category-nachrichten"],"yoast_head":"<!-- This site is optimized with the Yoast SEO plugin v26.9 - https:\/\/yoast.com\/product\/yoast-seo-wordpress\/ -->\n<title>Schmiedetag - Ku\u017ania Ostr\u00f3w Wielkopolski sp. z o.o.<\/title>\n<meta name=\"robots\" content=\"index, follow, max-snippet:-1, max-image-preview:large, max-video-preview:-1\" \/>\n<link rel=\"canonical\" href=\"https:\/\/kuzniaostrow.pl\/index.php\/de\/2019\/01\/28\/3709\/\" \/>\n<meta property=\"og:locale\" content=\"pl_PL\" \/>\n<meta property=\"og:type\" content=\"article\" \/>\n<meta property=\"og:title\" content=\"Schmiedetag - Ku\u017ania Ostr\u00f3w Wielkopolski sp. z o.o.\" \/>\n<meta property=\"og:description\" content=\"Am Samstag, den 13.10.2014 haben wir anl\u00e4sslich des Schmiedetags eine gesellschaftliche Veranstaltung f\u00fcr Mitarbeiter organisiert. Sie fand in der Ferienanlage in Piaski-Szczygliczka statt. W\u00e4hrend der Veranstaltung gab es viele Sportwettk\u00e4mpfe, einschlie\u00dflich Wettbewerb f\u00fcr Hammerkraft, Dart-Wettbewerb, Tischfu\u00dfballspiele und vieles mehr. Abends luden wir unsere Mitarbeiter zum Tanzen ein. Die Party ist in einer sch\u00f6nen und fr\u00f6hlichen Atmosph\u00e4re abgelaufen. Alle hatten sehr tolle Zeit, auch dank der wunderbaren Wetter. Wir planen, im n\u00e4chsten Jahr eine \u00e4hnliche Veranstaltung zu organisieren.\" \/>\n<meta property=\"og:url\" content=\"https:\/\/kuzniaostrow.pl\/index.php\/de\/2019\/01\/28\/3709\/\" \/>\n<meta property=\"og:site_name\" content=\"Ku\u017ania Ostr\u00f3w Wielkopolski sp. z o.o.\" \/>\n<meta property=\"article:publisher\" content=\"https:\/\/www.facebook.com\/Ku%c5%bania-Ostr%c3%b3w-Wielkopolski-596813284073664\/\" \/>\n<meta property=\"article:published_time\" content=\"2019-01-28T07:32:19+00:00\" \/>\n<meta property=\"article:modified_time\" content=\"2019-02-01T10:12:19+00:00\" \/>\n<meta property=\"og:image\" content=\"http:\/\/kuzniaostrow.pl\/wp-content\/uploads\/2018\/10\/DSCF8001-300x225.jpg\" \/>\n<meta name=\"author\" content=\"Jaros\u0142aw Piechocki\" \/>\n<meta name=\"twitter:card\" content=\"summary_large_image\" \/>\n<meta name=\"twitter:label1\" content=\"Napisane przez\" \/>\n\t<meta name=\"twitter:data1\" content=\"Jaros\u0142aw Piechocki\" \/>\n<script type=\"application\/ld+json\" class=\"yoast-schema-graph\">{\"@context\":\"https:\/\/schema.org\",\"@graph\":[{\"@type\":\"Article\",\"@id\":\"https:\/\/kuzniaostrow.pl\/index.php\/de\/2019\/01\/28\/3709\/#article\",\"isPartOf\":{\"@id\":\"https:\/\/kuzniaostrow.pl\/index.php\/de\/2019\/01\/28\/3709\/\"},\"author\":{\"name\":\"Jaros\u0142aw Piechocki\",\"@id\":\"https:\/\/kuzniaostrow.pl\/#\/schema\/person\/e56a621930528dcb21cba7fb86eecdfb\"},\"headline\":\"Schmiedetag\",\"datePublished\":\"2019-01-28T07:32:19+00:00\",\"dateModified\":\"2019-02-01T10:12:19+00:00\",\"mainEntityOfPage\":{\"@id\":\"https:\/\/kuzniaostrow.pl\/index.php\/de\/2019\/01\/28\/3709\/\"},\"wordCount\":88,\"publisher\":{\"@id\":\"https:\/\/kuzniaostrow.pl\/#organization\"},\"image\":{\"@id\":\"https:\/\/kuzniaostrow.pl\/index.php\/de\/2019\/01\/28\/3709\/#primaryimage\"},\"thumbnailUrl\":\"http:\/\/kuzniaostrow.pl\/wp-content\/uploads\/2018\/10\/DSCF8001-300x225.jpg\",\"articleSection\":[\"Nachrichten\"],\"inLanguage\":\"pl-PL\"},{\"@type\":\"WebPage\",\"@id\":\"https:\/\/kuzniaostrow.pl\/index.php\/de\/2019\/01\/28\/3709\/\",\"url\":\"https:\/\/kuzniaostrow.pl\/index.php\/de\/2019\/01\/28\/3709\/\",\"name\":\"Schmiedetag - Ku\u017ania Ostr\u00f3w Wielkopolski sp. z o.o.\",\"isPartOf\":{\"@id\":\"https:\/\/kuzniaostrow.pl\/#website\"},\"primaryImageOfPage\":{\"@id\":\"https:\/\/kuzniaostrow.pl\/index.php\/de\/2019\/01\/28\/3709\/#primaryimage\"},\"image\":{\"@id\":\"https:\/\/kuzniaostrow.pl\/index.php\/de\/2019\/01\/28\/3709\/#primaryimage\"},\"thumbnailUrl\":\"http:\/\/kuzniaostrow.pl\/wp-content\/uploads\/2018\/10\/DSCF8001-300x225.jpg\",\"datePublished\":\"2019-01-28T07:32:19+00:00\",\"dateModified\":\"2019-02-01T10:12:19+00:00\",\"breadcrumb\":{\"@id\":\"https:\/\/kuzniaostrow.pl\/index.php\/de\/2019\/01\/28\/3709\/#breadcrumb\"},\"inLanguage\":\"pl-PL\",\"potentialAction\":[{\"@type\":\"ReadAction\",\"target\":[\"https:\/\/kuzniaostrow.pl\/index.php\/de\/2019\/01\/28\/3709\/\"]}]},{\"@type\":\"ImageObject\",\"inLanguage\":\"pl-PL\",\"@id\":\"https:\/\/kuzniaostrow.pl\/index.php\/de\/2019\/01\/28\/3709\/#primaryimage\",\"url\":\"http:\/\/kuzniaostrow.pl\/wp-content\/uploads\/2018\/10\/DSCF8001-300x225.jpg\",\"contentUrl\":\"http:\/\/kuzniaostrow.pl\/wp-content\/uploads\/2018\/10\/DSCF8001-300x225.jpg\"},{\"@type\":\"BreadcrumbList\",\"@id\":\"https:\/\/kuzniaostrow.pl\/index.php\/de\/2019\/01\/28\/3709\/#breadcrumb\",\"itemListElement\":[{\"@type\":\"ListItem\",\"position\":1,\"name\":\"Strona g\u0142\u00f3wna\",\"item\":\"https:\/\/kuzniaostrow.pl\/\"},{\"@type\":\"ListItem\",\"position\":2,\"name\":\"Schmiedetag\"}]},{\"@type\":\"WebSite\",\"@id\":\"https:\/\/kuzniaostrow.pl\/#website\",\"url\":\"https:\/\/kuzniaostrow.pl\/\",\"name\":\"Ku\u017ania Ostr\u00f3w Wielkopolski sp. z o.o.\",\"description\":\"producent wyrob\u00f3w kutych\",\"publisher\":{\"@id\":\"https:\/\/kuzniaostrow.pl\/#organization\"},\"potentialAction\":[{\"@type\":\"SearchAction\",\"target\":{\"@type\":\"EntryPoint\",\"urlTemplate\":\"https:\/\/kuzniaostrow.pl\/?s={search_term_string}\"},\"query-input\":{\"@type\":\"PropertyValueSpecification\",\"valueRequired\":true,\"valueName\":\"search_term_string\"}}],\"inLanguage\":\"pl-PL\"},{\"@type\":\"Organization\",\"@id\":\"https:\/\/kuzniaostrow.pl\/#organization\",\"name\":\"Ku\u017ania Ostr\u00f3w Wielkopolski sp. z o.o.\",\"url\":\"https:\/\/kuzniaostrow.pl\/\",\"logo\":{\"@type\":\"ImageObject\",\"inLanguage\":\"pl-PL\",\"@id\":\"https:\/\/kuzniaostrow.pl\/#\/schema\/logo\/image\/\",\"url\":\"https:\/\/kuzniaostrow.pl\/wp-content\/uploads\/2018\/12\/kowwplogo.png\",\"contentUrl\":\"https:\/\/kuzniaostrow.pl\/wp-content\/uploads\/2018\/12\/kowwplogo.png\",\"width\":512,\"height\":110,\"caption\":\"Ku\u017ania Ostr\u00f3w Wielkopolski sp. z o.o.\"},\"image\":{\"@id\":\"https:\/\/kuzniaostrow.pl\/#\/schema\/logo\/image\/\"},\"sameAs\":[\"https:\/\/www.facebook.com\/Ku\u017ania-Ostr\u00f3w-Wielkopolski-596813284073664\/\"]},{\"@type\":\"Person\",\"@id\":\"https:\/\/kuzniaostrow.pl\/#\/schema\/person\/e56a621930528dcb21cba7fb86eecdfb\",\"name\":\"Jaros\u0142aw Piechocki\",\"image\":{\"@type\":\"ImageObject\",\"inLanguage\":\"pl-PL\",\"@id\":\"https:\/\/kuzniaostrow.pl\/#\/schema\/person\/image\/\",\"url\":\"https:\/\/secure.gravatar.com\/avatar\/d0ae4b18bd611c6fc46dc52ee1c74487f7d7e59acb9e9171baa8a24f85aa72e3?s=96&d=mm&r=g\",\"contentUrl\":\"https:\/\/secure.gravatar.com\/avatar\/d0ae4b18bd611c6fc46dc52ee1c74487f7d7e59acb9e9171baa8a24f85aa72e3?s=96&d=mm&r=g\",\"caption\":\"Jaros\u0142aw Piechocki\"}}]}<\/script>\n<!-- \/ Yoast SEO plugin. -->","yoast_head_json":{"title":"Schmiedetag - Ku\u017ania Ostr\u00f3w Wielkopolski sp. z o.o.","robots":{"index":"index","follow":"follow","max-snippet":"max-snippet:-1","max-image-preview":"max-image-preview:large","max-video-preview":"max-video-preview:-1"},"canonical":"https:\/\/kuzniaostrow.pl\/index.php\/de\/2019\/01\/28\/3709\/","og_locale":"pl_PL","og_type":"article","og_title":"Schmiedetag - Ku\u017ania Ostr\u00f3w Wielkopolski sp. z o.o.","og_description":"Am Samstag, den 13.10.2014 haben wir anl\u00e4sslich des Schmiedetags eine gesellschaftliche Veranstaltung f\u00fcr Mitarbeiter organisiert. Sie fand in der Ferienanlage in Piaski-Szczygliczka statt. W\u00e4hrend der Veranstaltung gab es viele Sportwettk\u00e4mpfe, einschlie\u00dflich Wettbewerb f\u00fcr Hammerkraft, Dart-Wettbewerb, Tischfu\u00dfballspiele und vieles mehr. Abends luden wir unsere Mitarbeiter zum Tanzen ein. Die Party ist in einer sch\u00f6nen und fr\u00f6hlichen Atmosph\u00e4re abgelaufen. Alle hatten sehr tolle Zeit, auch dank der wunderbaren Wetter. Wir planen, im n\u00e4chsten Jahr eine \u00e4hnliche Veranstaltung zu organisieren.","og_url":"https:\/\/kuzniaostrow.pl\/index.php\/de\/2019\/01\/28\/3709\/","og_site_name":"Ku\u017ania Ostr\u00f3w Wielkopolski sp. z o.o.","article_publisher":"https:\/\/www.facebook.com\/Ku%c5%bania-Ostr%c3%b3w-Wielkopolski-596813284073664\/","article_published_time":"2019-01-28T07:32:19+00:00","article_modified_time":"2019-02-01T10:12:19+00:00","og_image":[{"url":"http:\/\/kuzniaostrow.pl\/wp-content\/uploads\/2018\/10\/DSCF8001-300x225.jpg","type":"","width":"","height":""}],"author":"Jaros\u0142aw Piechocki","twitter_card":"summary_large_image","twitter_misc":{"Napisane przez":"Jaros\u0142aw Piechocki"},"schema":{"@context":"https:\/\/schema.org","@graph":[{"@type":"Article","@id":"https:\/\/kuzniaostrow.pl\/index.php\/de\/2019\/01\/28\/3709\/#article","isPartOf":{"@id":"https:\/\/kuzniaostrow.pl\/index.php\/de\/2019\/01\/28\/3709\/"},"author":{"name":"Jaros\u0142aw Piechocki","@id":"https:\/\/kuzniaostrow.pl\/#\/schema\/person\/e56a621930528dcb21cba7fb86eecdfb"},"headline":"Schmiedetag","datePublished":"2019-01-28T07:32:19+00:00","dateModified":"2019-02-01T10:12:19+00:00","mainEntityOfPage":{"@id":"https:\/\/kuzniaostrow.pl\/index.php\/de\/2019\/01\/28\/3709\/"},"wordCount":88,"publisher":{"@id":"https:\/\/kuzniaostrow.pl\/#organization"},"image":{"@id":"https:\/\/kuzniaostrow.pl\/index.php\/de\/2019\/01\/28\/3709\/#primaryimage"},"thumbnailUrl":"http:\/\/kuzniaostrow.pl\/wp-content\/uploads\/2018\/10\/DSCF8001-300x225.jpg","articleSection":["Nachrichten"],"inLanguage":"pl-PL"},{"@type":"WebPage","@id":"https:\/\/kuzniaostrow.pl\/index.php\/de\/2019\/01\/28\/3709\/","url":"https:\/\/kuzniaostrow.pl\/index.php\/de\/2019\/01\/28\/3709\/","name":"Schmiedetag - Ku\u017ania Ostr\u00f3w Wielkopolski sp. z o.o.","isPartOf":{"@id":"https:\/\/kuzniaostrow.pl\/#website"},"primaryImageOfPage":{"@id":"https:\/\/kuzniaostrow.pl\/index.php\/de\/2019\/01\/28\/3709\/#primaryimage"},"image":{"@id":"https:\/\/kuzniaostrow.pl\/index.php\/de\/2019\/01\/28\/3709\/#primaryimage"},"thumbnailUrl":"http:\/\/kuzniaostrow.pl\/wp-content\/uploads\/2018\/10\/DSCF8001-300x225.jpg","datePublished":"2019-01-28T07:32:19+00:00","dateModified":"2019-02-01T10:12:19+00:00","breadcrumb":{"@id":"https:\/\/kuzniaostrow.pl\/index.php\/de\/2019\/01\/28\/3709\/#breadcrumb"},"inLanguage":"pl-PL","potentialAction":[{"@type":"ReadAction","target":["https:\/\/kuzniaostrow.pl\/index.php\/de\/2019\/01\/28\/3709\/"]}]},{"@type":"ImageObject","inLanguage":"pl-PL","@id":"https:\/\/kuzniaostrow.pl\/index.php\/de\/2019\/01\/28\/3709\/#primaryimage","url":"http:\/\/kuzniaostrow.pl\/wp-content\/uploads\/2018\/10\/DSCF8001-300x225.jpg","contentUrl":"http:\/\/kuzniaostrow.pl\/wp-content\/uploads\/2018\/10\/DSCF8001-300x225.jpg"},{"@type":"BreadcrumbList","@id":"https:\/\/kuzniaostrow.pl\/index.php\/de\/2019\/01\/28\/3709\/#breadcrumb","itemListElement":[{"@type":"ListItem","position":1,"name":"Strona g\u0142\u00f3wna","item":"https:\/\/kuzniaostrow.pl\/"},{"@type":"ListItem","position":2,"name":"Schmiedetag"}]},{"@type":"WebSite","@id":"https:\/\/kuzniaostrow.pl\/#website","url":"https:\/\/kuzniaostrow.pl\/","name":"Ku\u017ania Ostr\u00f3w Wielkopolski sp. z o.o.","description":"producent wyrob\u00f3w kutych","publisher":{"@id":"https:\/\/kuzniaostrow.pl\/#organization"},"potentialAction":[{"@type":"SearchAction","target":{"@type":"EntryPoint","urlTemplate":"https:\/\/kuzniaostrow.pl\/?s={search_term_string}"},"query-input":{"@type":"PropertyValueSpecification","valueRequired":true,"valueName":"search_term_string"}}],"inLanguage":"pl-PL"},{"@type":"Organization","@id":"https:\/\/kuzniaostrow.pl\/#organization","name":"Ku\u017ania Ostr\u00f3w Wielkopolski sp. z o.o.","url":"https:\/\/kuzniaostrow.pl\/","logo":{"@type":"ImageObject","inLanguage":"pl-PL","@id":"https:\/\/kuzniaostrow.pl\/#\/schema\/logo\/image\/","url":"https:\/\/kuzniaostrow.pl\/wp-content\/uploads\/2018\/12\/kowwplogo.png","contentUrl":"https:\/\/kuzniaostrow.pl\/wp-content\/uploads\/2018\/12\/kowwplogo.png","width":512,"height":110,"caption":"Ku\u017ania Ostr\u00f3w Wielkopolski sp. z o.o."},"image":{"@id":"https:\/\/kuzniaostrow.pl\/#\/schema\/logo\/image\/"},"sameAs":["https:\/\/www.facebook.com\/Ku\u017ania-Ostr\u00f3w-Wielkopolski-596813284073664\/"]},{"@type":"Person","@id":"https:\/\/kuzniaostrow.pl\/#\/schema\/person\/e56a621930528dcb21cba7fb86eecdfb","name":"Jaros\u0142aw Piechocki","image":{"@type":"ImageObject","inLanguage":"pl-PL","@id":"https:\/\/kuzniaostrow.pl\/#\/schema\/person\/image\/","url":"https:\/\/secure.gravatar.com\/avatar\/d0ae4b18bd611c6fc46dc52ee1c74487f7d7e59acb9e9171baa8a24f85aa72e3?s=96&d=mm&r=g","contentUrl":"https:\/\/secure.gravatar.com\/avatar\/d0ae4b18bd611c6fc46dc52ee1c74487f7d7e59acb9e9171baa8a24f85aa72e3?s=96&d=mm&r=g","caption":"Jaros\u0142aw Piechocki"}}]}},"_links":{"self":[{"href":"https:\/\/kuzniaostrow.pl\/index.php\/wp-json\/wp\/v2\/posts\/3709","targetHints":{"allow":["GET"]}}],"collection":[{"href":"https:\/\/kuzniaostrow.pl\/index.php\/wp-json\/wp\/v2\/posts"}],"about":[{"href":"https:\/\/kuzniaostrow.pl\/index.php\/wp-json\/wp\/v2\/types\/post"}],"author":[{"embeddable":true,"href":"https:\/\/kuzniaostrow.pl\/index.php\/wp-json\/wp\/v2\/users\/2"}],"replies":[{"embeddable":true,"href":"https:\/\/kuzniaostrow.pl\/index.php\/wp-json\/wp\/v2\/comments?post=3709"}],"version-history":[{"count":2,"href":"https:\/\/kuzniaostrow.pl\/index.php\/wp-json\/wp\/v2\/posts\/3709\/revisions"}],"predecessor-version":[{"id":3711,"href":"https:\/\/kuzniaostrow.pl\/index.php\/wp-json\/wp\/v2\/posts\/3709\/revisions\/3711"}],"wp:attachment":[{"href":"https:\/\/kuzniaostrow.pl\/index.php\/wp-json\/wp\/v2\/media?parent=3709"}],"wp:term":[{"taxonomy":"category","embeddable":true,"href":"https:\/\/kuzniaostrow.pl\/index.php\/wp-json\/wp\/v2\/categories?post=3709"},{"taxonomy":"post_tag","embeddable":true,"href":"https:\/\/kuzniaostrow.pl\/index.php\/wp-json\/wp\/v2\/tags?post=3709"}],"curies":[{"name":"wp","href":"https:\/\/api.w.org\/{rel}","templated":true}]}}